{"id":9867,"date":"2021-09-09T21:43:00","date_gmt":"2021-09-09T19:43:00","guid":{"rendered":"http:\/\/www.lacouetteducoeur.ch\/wp\/?p=9867"},"modified":"2021-09-09T21:43:00","modified_gmt":"2021-09-09T19:43:00","slug":"9-septembre-2021","status":"publish","type":"post","link":"http:\/\/www.lacouetteducoeur.ch\/wp\/9-septembre-2021\/","title":{"rendered":"9 septembre 2021"},"content":{"rendered":"\n<p>Nous \u00e9tions\u00a06 ce jeudi apr\u00e8s-midi, chez Chantal \u00e0 Saxon pour la confection des Couettes du Coeur. Merci \u00e0 Chantal, Esther, Mado, Corinne, Sylvia et Martine\u00a0qui ont cousu 19 Couettes ! Voir les photos \u00e0 la Rubrique > Les Maillons > Valais > Photos des Couettes > Couettes 2021<\/p>\n","protected":false},"excerpt":{"rendered":"<p>Nous \u00e9tions\u00a06 ce jeudi apr\u00e8s-midi, chez Chantal \u00e0 Saxon pour la confection des Couettes du Coeur. Merci \u00e0 Chantal, Esther, Mado, Corinne, Sylvia et Martine\u00a0qui ont cousu 19 Couettes ! Voir les photos \u00e0 la Rubrique > Les Maillons > Valais > Photos des Couettes > Couettes 2021<\/p>\n","protected":false},"author":2,"featured_media":0,"comment_status":"open","ping_status":"open","sticky":false,"template":"","format":"standard","meta":{"ngg_post_thumbnail":0},"categories":[18],"tags":[],"_links":{"self":[{"href":"http:\/\/www.lacouetteducoeur.ch\/wp\/wp-json\/wp\/v2\/posts\/9867"}],"collection":[{"href":"http:\/\/www.lacouetteducoeur.ch\/wp\/wp-json\/wp\/v2\/posts"}],"about":[{"href":"http:\/\/www.lacouetteducoeur.ch\/wp\/wp-json\/wp\/v2\/types\/post"}],"author":[{"embeddable":true,"href":"http:\/\/www.lacouetteducoeur.ch\/wp\/wp-json\/wp\/v2\/users\/2"}],"replies":[{"embeddable":true,"href":"http:\/\/www.lacouetteducoeur.ch\/wp\/wp-json\/wp\/v2\/comments?post=9867"}],"version-history":[{"count":1,"href":"http:\/\/www.lacouetteducoeur.ch\/wp\/wp-json\/wp\/v2\/posts\/9867\/revisions"}],"predecessor-version":[{"id":9868,"href":"http:\/\/www.lacouetteducoeur.ch\/wp\/wp-json\/wp\/v2\/posts\/9867\/revisions\/9868"}],"wp:attachment":[{"href":"http:\/\/www.lacouetteducoeur.ch\/wp\/wp-json\/wp\/v2\/media?parent=9867"}],"wp:term":[{"taxonomy":"category","embeddable":true,"href":"http:\/\/www.lacouetteducoeur.ch\/wp\/wp-json\/wp\/v2\/categories?post=9867"},{"taxonomy":"post_tag","embeddable":true,"href":"http:\/\/www.lacouetteducoeur.ch\/wp\/wp-json\/wp\/v2\/tags?post=9867"}],"curies":[{"name":"wp","href":"https:\/\/api.w.org\/{rel}","templated":true}]}}