{"id":17734,"date":"2026-04-14T22:15:08","date_gmt":"2026-04-14T20:15:08","guid":{"rendered":"https:\/\/www.lacouetteducoeur.ch\/wp\/?p=17734"},"modified":"2026-04-14T22:18:42","modified_gmt":"2026-04-14T20:18:42","slug":"14-avril-2026","status":"publish","type":"post","link":"http:\/\/www.lacouetteducoeur.ch\/wp\/14-avril-2026\/","title":{"rendered":"14 avril 2026"},"content":{"rendered":"\n<p>Tr\u00e8s jolie dynamique cet apr\u00e8s-midi lors de notre rencontre mensuelle pour la confection des Couettes du Coeur : 12 couturi\u00e8res en pleine forme et nous avons re\u00e7u 18 Couettes. Voir les photos \u00e0 la rubrique Les Maillons > Morges > Photos des Couettes > Couettes 2026. Nous avons re\u00e7u \u00e9galement une grande quantit\u00e9 de tissus d&rsquo;une ancienne patcheuse qui a d\u00fb partir en EMS, une dame que nous connaissons bien car nous avons partag\u00e9 beaucoup de cours et de rencontres il y a quelques ann\u00e9es. Merci pour ce don, nous ferons un tr\u00e8s bon usage de ces magnifiques tissus !<br>Marianne Margot, Couette du Coeur, Morges<\/p>\n","protected":false},"excerpt":{"rendered":"<p>Tr\u00e8s jolie dynamique cet apr\u00e8s-midi lors de notre rencontre mensuelle pour la confection des Couettes du Coeur : 12 couturi\u00e8res en pleine forme et nous avons re\u00e7u 18 Couettes. Voir les photos \u00e0 la rubrique Les Maillons > Morges > Photos des Couettes > Couettes 2026. Nous avons re\u00e7u \u00e9galement une grande quantit\u00e9 de tissus &hellip; <\/p>\n<p class=\"link-more\"><a href=\"http:\/\/www.lacouetteducoeur.ch\/wp\/14-avril-2026\/\" class=\"more-link\">Continuer la lecture<span class=\"screen-reader-text\"> de &laquo;&nbsp;14 avril 2026&nbsp;&raquo;<\/span><\/a><\/p>\n","protected":false},"author":2,"featured_media":0,"comment_status":"closed","ping_status":"open","sticky":false,"template":"","format":"standard","meta":{"ngg_post_thumbnail":0},"categories":[19],"tags":[],"_links":{"self":[{"href":"http:\/\/www.lacouetteducoeur.ch\/wp\/wp-json\/wp\/v2\/posts\/17734"}],"collection":[{"href":"http:\/\/www.lacouetteducoeur.ch\/wp\/wp-json\/wp\/v2\/posts"}],"about":[{"href":"http:\/\/www.lacouetteducoeur.ch\/wp\/wp-json\/wp\/v2\/types\/post"}],"author":[{"embeddable":true,"href":"http:\/\/www.lacouetteducoeur.ch\/wp\/wp-json\/wp\/v2\/users\/2"}],"replies":[{"embeddable":true,"href":"http:\/\/www.lacouetteducoeur.ch\/wp\/wp-json\/wp\/v2\/comments?post=17734"}],"version-history":[{"count":2,"href":"http:\/\/www.lacouetteducoeur.ch\/wp\/wp-json\/wp\/v2\/posts\/17734\/revisions"}],"predecessor-version":[{"id":17738,"href":"http:\/\/www.lacouetteducoeur.ch\/wp\/wp-json\/wp\/v2\/posts\/17734\/revisions\/17738"}],"wp:attachment":[{"href":"http:\/\/www.lacouetteducoeur.ch\/wp\/wp-json\/wp\/v2\/media?parent=17734"}],"wp:term":[{"taxonomy":"category","embeddable":true,"href":"http:\/\/www.lacouetteducoeur.ch\/wp\/wp-json\/wp\/v2\/categories?post=17734"},{"taxonomy":"post_tag","embeddable":true,"href":"http:\/\/www.lacouetteducoeur.ch\/wp\/wp-json\/wp\/v2\/tags?post=17734"}],"curies":[{"name":"wp","href":"https:\/\/api.w.org\/{rel}","templated":true}]}}