{"id":17239,"date":"2025-12-03T20:59:20","date_gmt":"2025-12-03T19:59:20","guid":{"rendered":"http:\/\/www.lacouetteducoeur.ch\/wp\/?p=17239"},"modified":"2025-12-03T20:59:20","modified_gmt":"2025-12-03T19:59:20","slug":"3-decembre-2025","status":"publish","type":"post","link":"http:\/\/www.lacouetteducoeur.ch\/wp\/3-decembre-2025\/","title":{"rendered":"3 d\u00e9cembre 2025"},"content":{"rendered":"\n<p>El\u00e9onore a fait une arriv\u00e9e triomphale le 26.08.2025 \u00e0 l&rsquo;h\u00f4pital de Fribourg. Elle est n\u00e9e avec un coeur qui battait la chamade soit \u00e0 280 pulses par minute avec un mois d&rsquo;avance. Pour la tenir bien au chaud, elle a re\u00e7u une jolie couette, qu&rsquo;elle a gard\u00e9 bien pr\u00e9cieusement et qui a apport\u00e9 de la couleur et de la gait\u00e9 lors de son s\u00e9jour \u00e0 l&rsquo;h\u00f4pital. Un grand merci pour ce beau patchwork et pour tout ce que vous faites.<br>La famille d&rsquo;El\u00e9onore<\/p>\n","protected":false},"excerpt":{"rendered":"<p>El\u00e9onore a fait une arriv\u00e9e triomphale le 26.08.2025 \u00e0 l&rsquo;h\u00f4pital de Fribourg. Elle est n\u00e9e avec un coeur qui battait la chamade soit \u00e0 280 pulses par minute avec un mois d&rsquo;avance. Pour la tenir bien au chaud, elle a re\u00e7u une jolie couette, qu&rsquo;elle a gard\u00e9 bien pr\u00e9cieusement et qui a apport\u00e9 de la &hellip; <\/p>\n<p class=\"link-more\"><a href=\"http:\/\/www.lacouetteducoeur.ch\/wp\/3-decembre-2025\/\" class=\"more-link\">Continuer la lecture<span class=\"screen-reader-text\"> de &laquo;&nbsp;3 d\u00e9cembre 2025&nbsp;&raquo;<\/span><\/a><\/p>\n","protected":false},"author":2,"featured_media":0,"comment_status":"closed","ping_status":"open","sticky":false,"template":"","format":"standard","meta":{"ngg_post_thumbnail":0},"categories":[1],"tags":[],"_links":{"self":[{"href":"http:\/\/www.lacouetteducoeur.ch\/wp\/wp-json\/wp\/v2\/posts\/17239"}],"collection":[{"href":"http:\/\/www.lacouetteducoeur.ch\/wp\/wp-json\/wp\/v2\/posts"}],"about":[{"href":"http:\/\/www.lacouetteducoeur.ch\/wp\/wp-json\/wp\/v2\/types\/post"}],"author":[{"embeddable":true,"href":"http:\/\/www.lacouetteducoeur.ch\/wp\/wp-json\/wp\/v2\/users\/2"}],"replies":[{"embeddable":true,"href":"http:\/\/www.lacouetteducoeur.ch\/wp\/wp-json\/wp\/v2\/comments?post=17239"}],"version-history":[{"count":1,"href":"http:\/\/www.lacouetteducoeur.ch\/wp\/wp-json\/wp\/v2\/posts\/17239\/revisions"}],"predecessor-version":[{"id":17240,"href":"http:\/\/www.lacouetteducoeur.ch\/wp\/wp-json\/wp\/v2\/posts\/17239\/revisions\/17240"}],"wp:attachment":[{"href":"http:\/\/www.lacouetteducoeur.ch\/wp\/wp-json\/wp\/v2\/media?parent=17239"}],"wp:term":[{"taxonomy":"category","embeddable":true,"href":"http:\/\/www.lacouetteducoeur.ch\/wp\/wp-json\/wp\/v2\/categories?post=17239"},{"taxonomy":"post_tag","embeddable":true,"href":"http:\/\/www.lacouetteducoeur.ch\/wp\/wp-json\/wp\/v2\/tags?post=17239"}],"curies":[{"name":"wp","href":"https:\/\/api.w.org\/{rel}","templated":true}]}}