{"id":15695,"date":"2024-10-13T10:43:19","date_gmt":"2024-10-13T08:43:19","guid":{"rendered":"https:\/\/www.lacouetteducoeur.ch\/wp\/?p=15695"},"modified":"2024-10-13T10:43:19","modified_gmt":"2024-10-13T08:43:19","slug":"14-octobre-2024","status":"publish","type":"post","link":"http:\/\/www.lacouetteducoeur.ch\/wp\/14-octobre-2024\/","title":{"rendered":"14 octobre 2024"},"content":{"rendered":"\n<p>C&rsquo;est extr\u00eamement touchant de se sentir soutenu lors de cette travers\u00e9e en plein brouillard. La couette est sublime. Nous devons encore patienter pour y poser notre petit Mah\u00e9 mais nous sommes s\u00fbrs qu&rsquo;elle lui plaira ! 1000 mercis.<br>Arthur et Pauline<\/p>\n","protected":false},"excerpt":{"rendered":"<p>C&rsquo;est extr\u00eamement touchant de se sentir soutenu lors de cette travers\u00e9e en plein brouillard. La couette est sublime. Nous devons encore patienter pour y poser notre petit Mah\u00e9 mais nous sommes s\u00fbrs qu&rsquo;elle lui plaira ! 1000 mercis.Arthur et Pauline<\/p>\n","protected":false},"author":2,"featured_media":0,"comment_status":"closed","ping_status":"open","sticky":false,"template":"","format":"standard","meta":{"ngg_post_thumbnail":0},"categories":[1],"tags":[],"_links":{"self":[{"href":"http:\/\/www.lacouetteducoeur.ch\/wp\/wp-json\/wp\/v2\/posts\/15695"}],"collection":[{"href":"http:\/\/www.lacouetteducoeur.ch\/wp\/wp-json\/wp\/v2\/posts"}],"about":[{"href":"http:\/\/www.lacouetteducoeur.ch\/wp\/wp-json\/wp\/v2\/types\/post"}],"author":[{"embeddable":true,"href":"http:\/\/www.lacouetteducoeur.ch\/wp\/wp-json\/wp\/v2\/users\/2"}],"replies":[{"embeddable":true,"href":"http:\/\/www.lacouetteducoeur.ch\/wp\/wp-json\/wp\/v2\/comments?post=15695"}],"version-history":[{"count":1,"href":"http:\/\/www.lacouetteducoeur.ch\/wp\/wp-json\/wp\/v2\/posts\/15695\/revisions"}],"predecessor-version":[{"id":15696,"href":"http:\/\/www.lacouetteducoeur.ch\/wp\/wp-json\/wp\/v2\/posts\/15695\/revisions\/15696"}],"wp:attachment":[{"href":"http:\/\/www.lacouetteducoeur.ch\/wp\/wp-json\/wp\/v2\/media?parent=15695"}],"wp:term":[{"taxonomy":"category","embeddable":true,"href":"http:\/\/www.lacouetteducoeur.ch\/wp\/wp-json\/wp\/v2\/categories?post=15695"},{"taxonomy":"post_tag","embeddable":true,"href":"http:\/\/www.lacouetteducoeur.ch\/wp\/wp-json\/wp\/v2\/tags?post=15695"}],"curies":[{"name":"wp","href":"https:\/\/api.w.org\/{rel}","templated":true}]}}