{"id":15513,"date":"2024-08-12T20:20:54","date_gmt":"2024-08-12T18:20:54","guid":{"rendered":"http:\/\/www.lacouetteducoeur.ch\/wp\/?p=15513"},"modified":"2024-08-12T20:20:54","modified_gmt":"2024-08-12T18:20:54","slug":"12-aout-2024","status":"publish","type":"post","link":"http:\/\/www.lacouetteducoeur.ch\/wp\/12-aout-2024\/","title":{"rendered":"12 ao\u00fbt 2024"},"content":{"rendered":"\n<p>Aujourd&rsquo;hui, Corinne Gaudin, notre pr\u00e9sidente a apport\u00e9 20 Couettes du Coeur \u00e0 l&rsquo;h\u00f4pital de Sion. Nous souhaitons beaucoup de bonheur aux b\u00e9b\u00e9s qui les recevront prochainement ! Merci aux couturi\u00e8res qui ont confectionn\u00e9 ces Couettes avec beaucoup de soin !<\/p>\n","protected":false},"excerpt":{"rendered":"<p>Aujourd&rsquo;hui, Corinne Gaudin, notre pr\u00e9sidente a apport\u00e9 20 Couettes du Coeur \u00e0 l&rsquo;h\u00f4pital de Sion. Nous souhaitons beaucoup de bonheur aux b\u00e9b\u00e9s qui les recevront prochainement ! Merci aux couturi\u00e8res qui ont confectionn\u00e9 ces Couettes avec beaucoup de soin !<\/p>\n","protected":false},"author":2,"featured_media":0,"comment_status":"closed","ping_status":"open","sticky":false,"template":"","format":"standard","meta":{"ngg_post_thumbnail":0},"categories":[18,7],"tags":[],"_links":{"self":[{"href":"http:\/\/www.lacouetteducoeur.ch\/wp\/wp-json\/wp\/v2\/posts\/15513"}],"collection":[{"href":"http:\/\/www.lacouetteducoeur.ch\/wp\/wp-json\/wp\/v2\/posts"}],"about":[{"href":"http:\/\/www.lacouetteducoeur.ch\/wp\/wp-json\/wp\/v2\/types\/post"}],"author":[{"embeddable":true,"href":"http:\/\/www.lacouetteducoeur.ch\/wp\/wp-json\/wp\/v2\/users\/2"}],"replies":[{"embeddable":true,"href":"http:\/\/www.lacouetteducoeur.ch\/wp\/wp-json\/wp\/v2\/comments?post=15513"}],"version-history":[{"count":1,"href":"http:\/\/www.lacouetteducoeur.ch\/wp\/wp-json\/wp\/v2\/posts\/15513\/revisions"}],"predecessor-version":[{"id":15514,"href":"http:\/\/www.lacouetteducoeur.ch\/wp\/wp-json\/wp\/v2\/posts\/15513\/revisions\/15514"}],"wp:attachment":[{"href":"http:\/\/www.lacouetteducoeur.ch\/wp\/wp-json\/wp\/v2\/media?parent=15513"}],"wp:term":[{"taxonomy":"category","embeddable":true,"href":"http:\/\/www.lacouetteducoeur.ch\/wp\/wp-json\/wp\/v2\/categories?post=15513"},{"taxonomy":"post_tag","embeddable":true,"href":"http:\/\/www.lacouetteducoeur.ch\/wp\/wp-json\/wp\/v2\/tags?post=15513"}],"curies":[{"name":"wp","href":"https:\/\/api.w.org\/{rel}","templated":true}]}}