{"id":14980,"date":"2017-01-17T21:18:00","date_gmt":"2017-01-17T20:18:00","guid":{"rendered":"https:\/\/www.lacouetteducoeur.ch\/wp\/?p=14980"},"modified":"2024-04-08T21:20:35","modified_gmt":"2024-04-08T19:20:35","slug":"17-janvier-2017-2","status":"publish","type":"post","link":"http:\/\/www.lacouetteducoeur.ch\/wp\/17-janvier-2017-2\/","title":{"rendered":"17 janvier 2017"},"content":{"rendered":"\n<p>M\u00e9lanie, \u00e9tudiante sage-femme \u00e0 la Haute Ecole de Sant\u00e9 de Lausanne a travaill\u00e9 l&rsquo;\u00e9t\u00e9 dernier \u00e0 l&rsquo;h\u00f4pital de Gorkha au N\u00e9pal. Cette r\u00e9gion a \u00e9t\u00e9 touch\u00e9e en 2014 par un tremblement de terre. M\u00e9lanie d\u00e9sirait apporter sa contribution sous forme de dons \u00e9galement. C&rsquo;est donc tout naturellement, qu&rsquo;\u00e0 sa demande, nous avons offert une vingtaine de Couettes du Coeur pour l&rsquo;h\u00f4pital de Gorkha. Ces Couettes ont \u00e9t\u00e9 grandement appr\u00e9ci\u00e9es par les soignants et les parents ! Dans l&rsquo;abum ci-dessous, queques photos que M\u00e9lanie nous a partag\u00e9es\u2026<\/p>\n\n\n\n<!-- default-view.php -->\n<div\n\tclass=\"ngg-galleryoverview default-view \"\n\tid=\"ngg-gallery-699720a8d30378d77dd1c7635dc7c431-1\">\n\n\t\t<!-- Thumbnails -->\n\t\t\t\t<div id=\"ngg-image-0\" class=\"ngg-gallery-thumbnail-box \" >\n\t\t\t\t        <div class=\"ngg-gallery-thumbnail\">\n            <a href=\"http:\/\/www.lacouetteducoeur.ch\/wp\/wp-content\/gallery\/actions-humanitaires-nepal-2017\/Hopital-de-Gorkha-Nepal-ete-2016-001.jpg\"\n               title=\"\"\n               data-src=\"http:\/\/www.lacouetteducoeur.ch\/wp\/wp-content\/gallery\/actions-humanitaires-nepal-2017\/Hopital-de-Gorkha-Nepal-ete-2016-001.jpg\"\n               data-thumbnail=\"http:\/\/www.lacouetteducoeur.ch\/wp\/wp-content\/gallery\/actions-humanitaires-nepal-2017\/thumbs\/thumbs_Hopital-de-Gorkha-Nepal-ete-2016-001.jpg\"\n               data-image-id=\"10382\"\n               data-title=\"Hopital-de-Gorkha-Nepal-ete-2016-001\"\n               data-description=\"\"\n               data-image-slug=\"hopital-de-gorkha-nepal-ete-2016-001\"\n               class=\"ngg-simplelightbox\" rel=\"699720a8d30378d77dd1c7635dc7c431\">\n                <img\n                    title=\"Hopital-de-Gorkha-Nepal-ete-2016-001\"\n                    alt=\"Hopital-de-Gorkha-Nepal-ete-2016-001\"\n                    src=\"http:\/\/www.lacouetteducoeur.ch\/wp\/wp-content\/gallery\/actions-humanitaires-nepal-2017\/thumbs\/thumbs_Hopital-de-Gorkha-Nepal-ete-2016-001.jpg\"\n                    width=\"240\"\n                    height=\"160\"\n                    style=\"max-width:100%;\"\n                \/>\n            <\/a>\n        <\/div>\n\t\t\t\t\t\t\t<\/div> \n\t\t\t\n\t\t\t\t<div id=\"ngg-image-1\" class=\"ngg-gallery-thumbnail-box \" >\n\t\t\t\t        <div class=\"ngg-gallery-thumbnail\">\n            <a href=\"http:\/\/www.lacouetteducoeur.ch\/wp\/wp-content\/gallery\/actions-humanitaires-nepal-2017\/Hopital-de-Gorkha-Nepal-ete-2016-002.jpg\"\n               title=\"\"\n               data-src=\"http:\/\/www.lacouetteducoeur.ch\/wp\/wp-content\/gallery\/actions-humanitaires-nepal-2017\/Hopital-de-Gorkha-Nepal-ete-2016-002.jpg\"\n               data-thumbnail=\"http:\/\/www.lacouetteducoeur.ch\/wp\/wp-content\/gallery\/actions-humanitaires-nepal-2017\/thumbs\/thumbs_Hopital-de-Gorkha-Nepal-ete-2016-002.jpg\"\n               data-image-id=\"10380\"\n               data-title=\"Hopital-de-Gorkha-Nepal-ete-2016-002\"\n               data-description=\"\"\n               data-image-slug=\"hopital-de-gorkha-nepal-ete-2016-002\"\n               class=\"ngg-simplelightbox\" rel=\"699720a8d30378d77dd1c7635dc7c431\">\n                <img\n                    title=\"Hopital-de-Gorkha-Nepal-ete-2016-002\"\n                    alt=\"Hopital-de-Gorkha-Nepal-ete-2016-002\"\n                    src=\"http:\/\/www.lacouetteducoeur.ch\/wp\/wp-content\/gallery\/actions-humanitaires-nepal-2017\/thumbs\/thumbs_Hopital-de-Gorkha-Nepal-ete-2016-002.jpg\"\n                    width=\"240\"\n                    height=\"160\"\n                    style=\"max-width:100%;\"\n                \/>\n            <\/a>\n        <\/div>\n\t\t\t\t\t\t\t<\/div> \n\t\t\t\n\t\t\t\t<div id=\"ngg-image-2\" class=\"ngg-gallery-thumbnail-box \" >\n\t\t\t\t        <div class=\"ngg-gallery-thumbnail\">\n            <a href=\"http:\/\/www.lacouetteducoeur.ch\/wp\/wp-content\/gallery\/actions-humanitaires-nepal-2017\/Hopital-de-Gorkha-Nepal-ete-2016-003.jpg\"\n               title=\"\"\n               data-src=\"http:\/\/www.lacouetteducoeur.ch\/wp\/wp-content\/gallery\/actions-humanitaires-nepal-2017\/Hopital-de-Gorkha-Nepal-ete-2016-003.jpg\"\n               data-thumbnail=\"http:\/\/www.lacouetteducoeur.ch\/wp\/wp-content\/gallery\/actions-humanitaires-nepal-2017\/thumbs\/thumbs_Hopital-de-Gorkha-Nepal-ete-2016-003.jpg\"\n               data-image-id=\"10383\"\n               data-title=\"Hopital-de-Gorkha-Nepal-ete-2016-003\"\n               data-description=\"\"\n               data-image-slug=\"hopital-de-gorkha-nepal-ete-2016-003\"\n               class=\"ngg-simplelightbox\" rel=\"699720a8d30378d77dd1c7635dc7c431\">\n                <img\n                    title=\"Hopital-de-Gorkha-Nepal-ete-2016-003\"\n                    alt=\"Hopital-de-Gorkha-Nepal-ete-2016-003\"\n                    src=\"http:\/\/www.lacouetteducoeur.ch\/wp\/wp-content\/gallery\/actions-humanitaires-nepal-2017\/thumbs\/thumbs_Hopital-de-Gorkha-Nepal-ete-2016-003.jpg\"\n                    width=\"240\"\n                    height=\"160\"\n                    style=\"max-width:100%;\"\n                \/>\n            <\/a>\n        <\/div>\n\t\t\t\t\t\t\t<\/div> \n\t\t\t\n\t\t\t\t<div id=\"ngg-image-3\" class=\"ngg-gallery-thumbnail-box \" >\n\t\t\t\t        <div class=\"ngg-gallery-thumbnail\">\n            <a href=\"http:\/\/www.lacouetteducoeur.ch\/wp\/wp-content\/gallery\/actions-humanitaires-nepal-2017\/Hopital-de-Gorkha-Nepal-ete-2016-004.jpg\"\n               title=\"\"\n               data-src=\"http:\/\/www.lacouetteducoeur.ch\/wp\/wp-content\/gallery\/actions-humanitaires-nepal-2017\/Hopital-de-Gorkha-Nepal-ete-2016-004.jpg\"\n               data-thumbnail=\"http:\/\/www.lacouetteducoeur.ch\/wp\/wp-content\/gallery\/actions-humanitaires-nepal-2017\/thumbs\/thumbs_Hopital-de-Gorkha-Nepal-ete-2016-004.jpg\"\n               data-image-id=\"10379\"\n               data-title=\"Hopital-de-Gorkha-Nepal-ete-2016-004\"\n               data-description=\"\"\n               data-image-slug=\"hopital-de-gorkha-nepal-ete-2016-004\"\n               class=\"ngg-simplelightbox\" rel=\"699720a8d30378d77dd1c7635dc7c431\">\n                <img\n                    title=\"Hopital-de-Gorkha-Nepal-ete-2016-004\"\n                    alt=\"Hopital-de-Gorkha-Nepal-ete-2016-004\"\n                    src=\"http:\/\/www.lacouetteducoeur.ch\/wp\/wp-content\/gallery\/actions-humanitaires-nepal-2017\/thumbs\/thumbs_Hopital-de-Gorkha-Nepal-ete-2016-004.jpg\"\n                    width=\"240\"\n                    height=\"160\"\n                    style=\"max-width:100%;\"\n                \/>\n            <\/a>\n        <\/div>\n\t\t\t\t\t\t\t<\/div> \n\t\t\t\n\t\t\t\t<div id=\"ngg-image-4\" class=\"ngg-gallery-thumbnail-box \" >\n\t\t\t\t        <div class=\"ngg-gallery-thumbnail\">\n            <a href=\"http:\/\/www.lacouetteducoeur.ch\/wp\/wp-content\/gallery\/actions-humanitaires-nepal-2017\/Hopital-de-Gorkha-Nepal-ete-2016-005.jpg\"\n               title=\"\"\n               data-src=\"http:\/\/www.lacouetteducoeur.ch\/wp\/wp-content\/gallery\/actions-humanitaires-nepal-2017\/Hopital-de-Gorkha-Nepal-ete-2016-005.jpg\"\n               data-thumbnail=\"http:\/\/www.lacouetteducoeur.ch\/wp\/wp-content\/gallery\/actions-humanitaires-nepal-2017\/thumbs\/thumbs_Hopital-de-Gorkha-Nepal-ete-2016-005.jpg\"\n               data-image-id=\"10381\"\n               data-title=\"Hopital-de-Gorkha-Nepal-ete-2016-005\"\n               data-description=\"\"\n               data-image-slug=\"hopital-de-gorkha-nepal-ete-2016-005\"\n               class=\"ngg-simplelightbox\" rel=\"699720a8d30378d77dd1c7635dc7c431\">\n                <img\n                    title=\"Hopital-de-Gorkha-Nepal-ete-2016-005\"\n                    alt=\"Hopital-de-Gorkha-Nepal-ete-2016-005\"\n                    src=\"http:\/\/www.lacouetteducoeur.ch\/wp\/wp-content\/gallery\/actions-humanitaires-nepal-2017\/thumbs\/thumbs_Hopital-de-Gorkha-Nepal-ete-2016-005.jpg\"\n                    width=\"240\"\n                    height=\"160\"\n                    style=\"max-width:100%;\"\n                \/>\n            <\/a>\n        <\/div>\n\t\t\t\t\t\t\t<\/div> \n\t\t\t\n\t\n\t<br style=\"clear: both\" \/>\n\n\t\n\t\t<div class=\"ngg-clear\"><\/div>\n\t<\/div>\n\n","protected":false},"excerpt":{"rendered":"<p>M\u00e9lanie, \u00e9tudiante sage-femme \u00e0 la Haute Ecole de Sant\u00e9 de Lausanne a travaill\u00e9 l&rsquo;\u00e9t\u00e9 dernier \u00e0 l&rsquo;h\u00f4pital de Gorkha au N\u00e9pal. Cette r\u00e9gion a \u00e9t\u00e9 touch\u00e9e en 2014 par un tremblement de terre. M\u00e9lanie d\u00e9sirait apporter sa contribution sous forme de dons \u00e9galement. C&rsquo;est donc tout naturellement, qu&rsquo;\u00e0 sa demande, nous avons offert une vingtaine &hellip; <\/p>\n<p class=\"link-more\"><a href=\"http:\/\/www.lacouetteducoeur.ch\/wp\/17-janvier-2017-2\/\" class=\"more-link\">Continuer la lecture<span class=\"screen-reader-text\"> de &laquo;&nbsp;17 janvier 2017&nbsp;&raquo;<\/span><\/a><\/p>\n","protected":false},"author":1,"featured_media":0,"comment_status":"closed","ping_status":"open","sticky":false,"template":"","format":"standard","meta":{"ngg_post_thumbnail":0},"categories":[36],"tags":[],"_links":{"self":[{"href":"http:\/\/www.lacouetteducoeur.ch\/wp\/wp-json\/wp\/v2\/posts\/14980"}],"collection":[{"href":"http:\/\/www.lacouetteducoeur.ch\/wp\/wp-json\/wp\/v2\/posts"}],"about":[{"href":"http:\/\/www.lacouetteducoeur.ch\/wp\/wp-json\/wp\/v2\/types\/post"}],"author":[{"embeddable":true,"href":"http:\/\/www.lacouetteducoeur.ch\/wp\/wp-json\/wp\/v2\/users\/1"}],"replies":[{"embeddable":true,"href":"http:\/\/www.lacouetteducoeur.ch\/wp\/wp-json\/wp\/v2\/comments?post=14980"}],"version-history":[{"count":1,"href":"http:\/\/www.lacouetteducoeur.ch\/wp\/wp-json\/wp\/v2\/posts\/14980\/revisions"}],"predecessor-version":[{"id":14981,"href":"http:\/\/www.lacouetteducoeur.ch\/wp\/wp-json\/wp\/v2\/posts\/14980\/revisions\/14981"}],"wp:attachment":[{"href":"http:\/\/www.lacouetteducoeur.ch\/wp\/wp-json\/wp\/v2\/media?parent=14980"}],"wp:term":[{"taxonomy":"category","embeddable":true,"href":"http:\/\/www.lacouetteducoeur.ch\/wp\/wp-json\/wp\/v2\/categories?post=14980"},{"taxonomy":"post_tag","embeddable":true,"href":"http:\/\/www.lacouetteducoeur.ch\/wp\/wp-json\/wp\/v2\/tags?post=14980"}],"curies":[{"name":"wp","href":"https:\/\/api.w.org\/{rel}","templated":true}]}}