{"id":13057,"date":"2019-12-31T21:55:00","date_gmt":"2019-12-31T20:55:00","guid":{"rendered":"http:\/\/www.lacouetteducoeur.ch\/wp\/?p=13057"},"modified":"2023-11-15T21:56:27","modified_gmt":"2023-11-15T20:56:27","slug":"31-decembre-2019","status":"publish","type":"post","link":"http:\/\/www.lacouetteducoeur.ch\/wp\/31-decembre-2019\/","title":{"rendered":"31 d\u00e9cembre 2019"},"content":{"rendered":"\n<p>Il est l&rsquo;heure de faire les comptes et voici le nombre IMPRESSIONNANT de Couettes du C\u0153ur offertes en 2019 :<br>Au CHUV de Lausanne 638<br>A l&rsquo;h\u00f4pital de Fribourg 68<br>A l&rsquo;h\u00f4pital de Sion 60<br>A l&rsquo;h\u00f4pital d&rsquo;Yverdon 56<br>A l&rsquo;h\u00f4pital de Morges 34<br>A l&rsquo;h\u00f4pital de Neuch\u00e2tel 30<br>A l&rsquo;h\u00f4pital de Del\u00e9mont 19<br>A l&rsquo;h\u00f4pital de Nyon 15<br>A l&rsquo;h\u00f4pital de Payerne 6<br>Soit un total de 926 Couettes du Coeur !!!<br>Un grand merci \u00e0 toutes les f\u00e9es couturi\u00e8res qui oeuvrent tout au long de l&rsquo;ann\u00e9e, rien ne serait possible sans vous; et merci aussi \u00e0 tous nos donateurs qui, par leur g\u00e9n\u00e9rosit\u00e9 contribuent \u00e0 la cr\u00e9ation des Couettes du Coeur.<br>Chantal Sch\u00fcl\u00e9 &#8211; pr\u00e9sidente<\/p>\n","protected":false},"excerpt":{"rendered":"<p>Il est l&rsquo;heure de faire les comptes et voici le nombre IMPRESSIONNANT de Couettes du C\u0153ur offertes en 2019 :Au CHUV de Lausanne 638A l&rsquo;h\u00f4pital de Fribourg 68A l&rsquo;h\u00f4pital de Sion 60A l&rsquo;h\u00f4pital d&rsquo;Yverdon 56A l&rsquo;h\u00f4pital de Morges 34A l&rsquo;h\u00f4pital de Neuch\u00e2tel 30A l&rsquo;h\u00f4pital de Del\u00e9mont 19A l&rsquo;h\u00f4pital de Nyon 15A l&rsquo;h\u00f4pital de Payerne 6Soit &hellip; <\/p>\n<p class=\"link-more\"><a href=\"http:\/\/www.lacouetteducoeur.ch\/wp\/31-decembre-2019\/\" class=\"more-link\">Continuer la lecture<span class=\"screen-reader-text\"> de &laquo;&nbsp;31 d\u00e9cembre 2019&nbsp;&raquo;<\/span><\/a><\/p>\n","protected":false},"author":1,"featured_media":0,"comment_status":"closed","ping_status":"open","sticky":false,"template":"","format":"standard","meta":{"ngg_post_thumbnail":0},"categories":[18],"tags":[],"_links":{"self":[{"href":"http:\/\/www.lacouetteducoeur.ch\/wp\/wp-json\/wp\/v2\/posts\/13057"}],"collection":[{"href":"http:\/\/www.lacouetteducoeur.ch\/wp\/wp-json\/wp\/v2\/posts"}],"about":[{"href":"http:\/\/www.lacouetteducoeur.ch\/wp\/wp-json\/wp\/v2\/types\/post"}],"author":[{"embeddable":true,"href":"http:\/\/www.lacouetteducoeur.ch\/wp\/wp-json\/wp\/v2\/users\/1"}],"replies":[{"embeddable":true,"href":"http:\/\/www.lacouetteducoeur.ch\/wp\/wp-json\/wp\/v2\/comments?post=13057"}],"version-history":[{"count":1,"href":"http:\/\/www.lacouetteducoeur.ch\/wp\/wp-json\/wp\/v2\/posts\/13057\/revisions"}],"predecessor-version":[{"id":13058,"href":"http:\/\/www.lacouetteducoeur.ch\/wp\/wp-json\/wp\/v2\/posts\/13057\/revisions\/13058"}],"wp:attachment":[{"href":"http:\/\/www.lacouetteducoeur.ch\/wp\/wp-json\/wp\/v2\/media?parent=13057"}],"wp:term":[{"taxonomy":"category","embeddable":true,"href":"http:\/\/www.lacouetteducoeur.ch\/wp\/wp-json\/wp\/v2\/categories?post=13057"},{"taxonomy":"post_tag","embeddable":true,"href":"http:\/\/www.lacouetteducoeur.ch\/wp\/wp-json\/wp\/v2\/tags?post=13057"}],"curies":[{"name":"wp","href":"https:\/\/api.w.org\/{rel}","templated":true}]}}