{"id":13045,"date":"2019-10-11T21:53:00","date_gmt":"2019-10-11T19:53:00","guid":{"rendered":"http:\/\/www.lacouetteducoeur.ch\/wp\/?p=13045"},"modified":"2023-11-15T21:53:27","modified_gmt":"2023-11-15T20:53:27","slug":"11-octobre-2019","status":"publish","type":"post","link":"http:\/\/www.lacouetteducoeur.ch\/wp\/11-octobre-2019\/","title":{"rendered":"11 octobre 2019"},"content":{"rendered":"\n<p>Nous avons eu le plaisir de nous retrouver \u00e0 8 pour l&rsquo;apr\u00e8s-midi confection des Couettes du Coeur. C&rsquo;est toujours de tr\u00e8s bons moments que nous passons ensemble. Nous avons re\u00e7u 12 Couettes, merci \u00e0 celles qui les ont cousues : Mado, Chantal, les dames de Rigolpatch, Martine, Fran\u00e7oise et Corinne G. Voir les photos \u00e0 la rubrique \u00ab\u00a0Les Couettes\u00a0\u00bb \u00ab\u00a0Photos\u00a0\u00bb \u00ab\u00a0Couettes 2019\u00a0\u00bb. Nous avons \u00e9galement re\u00e7u la visite de Manuella (Couette du Coeur &#8211; Fribourg) afin d&rsquo;organiser notre participation \u00e0 la journ\u00e9e des Associations proches du DFME (d\u00e9partement femme-m\u00e8re-enfant) au CHUV, le 8 novembre prochain. La Couette du Coeur participera aux ateliers et pr\u00e9sentera quelques Couettes du Coeur et photos, sur un petit stand tenu dans le hall principal du CHUV. Bienvenue \u00e0 celles qui auraient envie d&rsquo;y faire un saut !<\/p>\n","protected":false},"excerpt":{"rendered":"<p>Nous avons eu le plaisir de nous retrouver \u00e0 8 pour l&rsquo;apr\u00e8s-midi confection des Couettes du Coeur. C&rsquo;est toujours de tr\u00e8s bons moments que nous passons ensemble. Nous avons re\u00e7u 12 Couettes, merci \u00e0 celles qui les ont cousues : Mado, Chantal, les dames de Rigolpatch, Martine, Fran\u00e7oise et Corinne G. Voir les photos \u00e0 &hellip; <\/p>\n<p class=\"link-more\"><a href=\"http:\/\/www.lacouetteducoeur.ch\/wp\/11-octobre-2019\/\" class=\"more-link\">Continuer la lecture<span class=\"screen-reader-text\"> de &laquo;&nbsp;11 octobre 2019&nbsp;&raquo;<\/span><\/a><\/p>\n","protected":false},"author":1,"featured_media":0,"comment_status":"closed","ping_status":"open","sticky":false,"template":"","format":"standard","meta":{"ngg_post_thumbnail":0},"categories":[18],"tags":[],"_links":{"self":[{"href":"http:\/\/www.lacouetteducoeur.ch\/wp\/wp-json\/wp\/v2\/posts\/13045"}],"collection":[{"href":"http:\/\/www.lacouetteducoeur.ch\/wp\/wp-json\/wp\/v2\/posts"}],"about":[{"href":"http:\/\/www.lacouetteducoeur.ch\/wp\/wp-json\/wp\/v2\/types\/post"}],"author":[{"embeddable":true,"href":"http:\/\/www.lacouetteducoeur.ch\/wp\/wp-json\/wp\/v2\/users\/1"}],"replies":[{"embeddable":true,"href":"http:\/\/www.lacouetteducoeur.ch\/wp\/wp-json\/wp\/v2\/comments?post=13045"}],"version-history":[{"count":1,"href":"http:\/\/www.lacouetteducoeur.ch\/wp\/wp-json\/wp\/v2\/posts\/13045\/revisions"}],"predecessor-version":[{"id":13046,"href":"http:\/\/www.lacouetteducoeur.ch\/wp\/wp-json\/wp\/v2\/posts\/13045\/revisions\/13046"}],"wp:attachment":[{"href":"http:\/\/www.lacouetteducoeur.ch\/wp\/wp-json\/wp\/v2\/media?parent=13045"}],"wp:term":[{"taxonomy":"category","embeddable":true,"href":"http:\/\/www.lacouetteducoeur.ch\/wp\/wp-json\/wp\/v2\/categories?post=13045"},{"taxonomy":"post_tag","embeddable":true,"href":"http:\/\/www.lacouetteducoeur.ch\/wp\/wp-json\/wp\/v2\/tags?post=13045"}],"curies":[{"name":"wp","href":"https:\/\/api.w.org\/{rel}","templated":true}]}}