{"id":13032,"date":"2019-07-11T21:50:00","date_gmt":"2019-07-11T19:50:00","guid":{"rendered":"http:\/\/www.lacouetteducoeur.ch\/wp\/?p=13032"},"modified":"2023-11-15T21:51:09","modified_gmt":"2023-11-15T20:51:09","slug":"11-juillet-2019","status":"publish","type":"post","link":"http:\/\/www.lacouetteducoeur.ch\/wp\/11-juillet-2019\/","title":{"rendered":"11 juillet 2019"},"content":{"rendered":"\n<p>Nous \u00e9tions 3 cet apr\u00e8s-midi \u00e0 nous retrouver chez Chantal \u00e0 Saxon pour la confection des Couettes du Coeur ! Nous avons coup\u00e9 et cousu de tr\u00e8s jolis tissus afin de fabriquer ces couvertures qui tiendront chaud aux b\u00e9b\u00e9s trop press\u00e9s de na\u00eetre\u2026 Merci \u00e0 Marie-C\u00e9cile, Fran\u00e7oise, Sylvia, Karine et aux couturi\u00e8res de chez Patchmania !<br>Voir les photos \u00e0 la Rubrique \u00ab\u00a0Les Couettes\u00a0\u00bb \u00ab\u00a0Photos\u00a0\u00bb \u00ab\u00a0Couettes 2019\u00a0\u00bb<\/p>\n","protected":false},"excerpt":{"rendered":"<p>Nous \u00e9tions 3 cet apr\u00e8s-midi \u00e0 nous retrouver chez Chantal \u00e0 Saxon pour la confection des Couettes du Coeur ! Nous avons coup\u00e9 et cousu de tr\u00e8s jolis tissus afin de fabriquer ces couvertures qui tiendront chaud aux b\u00e9b\u00e9s trop press\u00e9s de na\u00eetre\u2026 Merci \u00e0 Marie-C\u00e9cile, Fran\u00e7oise, Sylvia, Karine et aux couturi\u00e8res de chez Patchmania &hellip; <\/p>\n<p class=\"link-more\"><a href=\"http:\/\/www.lacouetteducoeur.ch\/wp\/11-juillet-2019\/\" class=\"more-link\">Continuer la lecture<span class=\"screen-reader-text\"> de &laquo;&nbsp;11 juillet 2019&nbsp;&raquo;<\/span><\/a><\/p>\n","protected":false},"author":1,"featured_media":0,"comment_status":"closed","ping_status":"open","sticky":false,"template":"","format":"standard","meta":{"ngg_post_thumbnail":0},"categories":[18],"tags":[],"_links":{"self":[{"href":"http:\/\/www.lacouetteducoeur.ch\/wp\/wp-json\/wp\/v2\/posts\/13032"}],"collection":[{"href":"http:\/\/www.lacouetteducoeur.ch\/wp\/wp-json\/wp\/v2\/posts"}],"about":[{"href":"http:\/\/www.lacouetteducoeur.ch\/wp\/wp-json\/wp\/v2\/types\/post"}],"author":[{"embeddable":true,"href":"http:\/\/www.lacouetteducoeur.ch\/wp\/wp-json\/wp\/v2\/users\/1"}],"replies":[{"embeddable":true,"href":"http:\/\/www.lacouetteducoeur.ch\/wp\/wp-json\/wp\/v2\/comments?post=13032"}],"version-history":[{"count":1,"href":"http:\/\/www.lacouetteducoeur.ch\/wp\/wp-json\/wp\/v2\/posts\/13032\/revisions"}],"predecessor-version":[{"id":13033,"href":"http:\/\/www.lacouetteducoeur.ch\/wp\/wp-json\/wp\/v2\/posts\/13032\/revisions\/13033"}],"wp:attachment":[{"href":"http:\/\/www.lacouetteducoeur.ch\/wp\/wp-json\/wp\/v2\/media?parent=13032"}],"wp:term":[{"taxonomy":"category","embeddable":true,"href":"http:\/\/www.lacouetteducoeur.ch\/wp\/wp-json\/wp\/v2\/categories?post=13032"},{"taxonomy":"post_tag","embeddable":true,"href":"http:\/\/www.lacouetteducoeur.ch\/wp\/wp-json\/wp\/v2\/tags?post=13032"}],"curies":[{"name":"wp","href":"https:\/\/api.w.org\/{rel}","templated":true}]}}