{"id":13007,"date":"2019-01-10T21:45:00","date_gmt":"2019-01-10T20:45:00","guid":{"rendered":"http:\/\/www.lacouetteducoeur.ch\/wp\/?p=13007"},"modified":"2023-11-15T21:46:28","modified_gmt":"2023-11-15T20:46:28","slug":"10-janvier-2019","status":"publish","type":"post","link":"http:\/\/www.lacouetteducoeur.ch\/wp\/10-janvier-2019\/","title":{"rendered":"10 janvier 2019"},"content":{"rendered":"\n<p>C&rsquo;est la premi\u00e8re rencontre de l&rsquo;ann\u00e9e pour confectionner les Couettes du Coeur \u00e0 Saxon chez Chantal. Nous \u00e9tions 5 cet apr\u00e8s-midi et nous avons re\u00e7u 12 Couettes. Merci beaucoup \u00e0 Sylvia, B\u00e9atrice, Marie-C\u00e9cile, Martine et \u00e0 la dame qui a d\u00e9pos\u00e9 sa Couette \u00e0 l&rsquo;atelier.<br>Voir les photos des Couettes \u00e0 la rubrique \u00ab\u00a0Les Couettes\u00a0\u00bb puis \u00ab\u00a0Photos\u00a0\u00bb puis \u00ab\u00a0Couettes 2019\u00a0\u00bb<\/p>\n","protected":false},"excerpt":{"rendered":"<p>C&rsquo;est la premi\u00e8re rencontre de l&rsquo;ann\u00e9e pour confectionner les Couettes du Coeur \u00e0 Saxon chez Chantal. Nous \u00e9tions 5 cet apr\u00e8s-midi et nous avons re\u00e7u 12 Couettes. Merci beaucoup \u00e0 Sylvia, B\u00e9atrice, Marie-C\u00e9cile, Martine et \u00e0 la dame qui a d\u00e9pos\u00e9 sa Couette \u00e0 l&rsquo;atelier.Voir les photos des Couettes \u00e0 la rubrique \u00ab\u00a0Les Couettes\u00a0\u00bb puis &hellip; <\/p>\n<p class=\"link-more\"><a href=\"http:\/\/www.lacouetteducoeur.ch\/wp\/10-janvier-2019\/\" class=\"more-link\">Continuer la lecture<span class=\"screen-reader-text\"> de &laquo;&nbsp;10 janvier 2019&nbsp;&raquo;<\/span><\/a><\/p>\n","protected":false},"author":1,"featured_media":0,"comment_status":"closed","ping_status":"open","sticky":false,"template":"","format":"standard","meta":{"ngg_post_thumbnail":0},"categories":[18],"tags":[],"_links":{"self":[{"href":"http:\/\/www.lacouetteducoeur.ch\/wp\/wp-json\/wp\/v2\/posts\/13007"}],"collection":[{"href":"http:\/\/www.lacouetteducoeur.ch\/wp\/wp-json\/wp\/v2\/posts"}],"about":[{"href":"http:\/\/www.lacouetteducoeur.ch\/wp\/wp-json\/wp\/v2\/types\/post"}],"author":[{"embeddable":true,"href":"http:\/\/www.lacouetteducoeur.ch\/wp\/wp-json\/wp\/v2\/users\/1"}],"replies":[{"embeddable":true,"href":"http:\/\/www.lacouetteducoeur.ch\/wp\/wp-json\/wp\/v2\/comments?post=13007"}],"version-history":[{"count":1,"href":"http:\/\/www.lacouetteducoeur.ch\/wp\/wp-json\/wp\/v2\/posts\/13007\/revisions"}],"predecessor-version":[{"id":13008,"href":"http:\/\/www.lacouetteducoeur.ch\/wp\/wp-json\/wp\/v2\/posts\/13007\/revisions\/13008"}],"wp:attachment":[{"href":"http:\/\/www.lacouetteducoeur.ch\/wp\/wp-json\/wp\/v2\/media?parent=13007"}],"wp:term":[{"taxonomy":"category","embeddable":true,"href":"http:\/\/www.lacouetteducoeur.ch\/wp\/wp-json\/wp\/v2\/categories?post=13007"},{"taxonomy":"post_tag","embeddable":true,"href":"http:\/\/www.lacouetteducoeur.ch\/wp\/wp-json\/wp\/v2\/tags?post=13007"}],"curies":[{"name":"wp","href":"https:\/\/api.w.org\/{rel}","templated":true}]}}