{"id":12866,"date":"2013-07-17T21:11:00","date_gmt":"2013-07-17T19:11:00","guid":{"rendered":"http:\/\/www.lacouetteducoeur.ch\/wp\/?p=12866"},"modified":"2023-11-15T21:11:56","modified_gmt":"2023-11-15T20:11:56","slug":"17-et-18-juillet-2013","status":"publish","type":"post","link":"http:\/\/www.lacouetteducoeur.ch\/wp\/17-et-18-juillet-2013\/","title":{"rendered":"17 et 18 juillet 2013"},"content":{"rendered":"\n<p>C&rsquo;est toujours avec le m\u00eame plaisir que nous nous retrouvons chaque mois pour la confection des Couettes du Coeur. Nous \u00e9tions 3 mercredi soir et 8 jeudi apr\u00e8s-midi. Et nous avons eu le plaisir de recevoir 21 Couettes du Coeur ! Merci beaucoup \u00e0 Corinne G., Sylvia, Sarah, Corinne B., Fran\u00e7oise, Mado, B\u00e9atrice, Sonya et Evelyne.<br>Les photos de ces belles Couettes sont visibles \u00e0 la rubrique \u00ab\u00a0Les Couettes\u00a0\u00bb \u00ab\u00a0Photos\u00a0\u00bb \u00ab\u00a0Couettes 2013\u00a0\u00bb<\/p>\n","protected":false},"excerpt":{"rendered":"<p>C&rsquo;est toujours avec le m\u00eame plaisir que nous nous retrouvons chaque mois pour la confection des Couettes du Coeur. Nous \u00e9tions 3 mercredi soir et 8 jeudi apr\u00e8s-midi. Et nous avons eu le plaisir de recevoir 21 Couettes du Coeur ! Merci beaucoup \u00e0 Corinne G., Sylvia, Sarah, Corinne B., Fran\u00e7oise, Mado, B\u00e9atrice, Sonya et &hellip; <\/p>\n<p class=\"link-more\"><a href=\"http:\/\/www.lacouetteducoeur.ch\/wp\/17-et-18-juillet-2013\/\" class=\"more-link\">Continuer la lecture<span class=\"screen-reader-text\"> de &laquo;&nbsp;17 et 18 juillet 2013&nbsp;&raquo;<\/span><\/a><\/p>\n","protected":false},"author":1,"featured_media":0,"comment_status":"closed","ping_status":"open","sticky":false,"template":"","format":"standard","meta":{"ngg_post_thumbnail":0},"categories":[18],"tags":[],"_links":{"self":[{"href":"http:\/\/www.lacouetteducoeur.ch\/wp\/wp-json\/wp\/v2\/posts\/12866"}],"collection":[{"href":"http:\/\/www.lacouetteducoeur.ch\/wp\/wp-json\/wp\/v2\/posts"}],"about":[{"href":"http:\/\/www.lacouetteducoeur.ch\/wp\/wp-json\/wp\/v2\/types\/post"}],"author":[{"embeddable":true,"href":"http:\/\/www.lacouetteducoeur.ch\/wp\/wp-json\/wp\/v2\/users\/1"}],"replies":[{"embeddable":true,"href":"http:\/\/www.lacouetteducoeur.ch\/wp\/wp-json\/wp\/v2\/comments?post=12866"}],"version-history":[{"count":1,"href":"http:\/\/www.lacouetteducoeur.ch\/wp\/wp-json\/wp\/v2\/posts\/12866\/revisions"}],"predecessor-version":[{"id":12867,"href":"http:\/\/www.lacouetteducoeur.ch\/wp\/wp-json\/wp\/v2\/posts\/12866\/revisions\/12867"}],"wp:attachment":[{"href":"http:\/\/www.lacouetteducoeur.ch\/wp\/wp-json\/wp\/v2\/media?parent=12866"}],"wp:term":[{"taxonomy":"category","embeddable":true,"href":"http:\/\/www.lacouetteducoeur.ch\/wp\/wp-json\/wp\/v2\/categories?post=12866"},{"taxonomy":"post_tag","embeddable":true,"href":"http:\/\/www.lacouetteducoeur.ch\/wp\/wp-json\/wp\/v2\/tags?post=12866"}],"curies":[{"name":"wp","href":"https:\/\/api.w.org\/{rel}","templated":true}]}}