{"id":11836,"date":"2023-04-15T21:01:20","date_gmt":"2023-04-15T19:01:20","guid":{"rendered":"http:\/\/www.lacouetteducoeur.ch\/wp\/?p=11836"},"modified":"2023-04-15T21:01:20","modified_gmt":"2023-04-15T19:01:20","slug":"15-avril-2023","status":"publish","type":"post","link":"http:\/\/www.lacouetteducoeur.ch\/wp\/15-avril-2023\/","title":{"rendered":"15 avril 2023"},"content":{"rendered":"\n<p>Quatri\u00e8me rencontre de l&rsquo;ann\u00e9e pour la confection des Couettes du C\u0153ur \u00e0 Saxon. 6 personnes \u00e9taient pr\u00e9sentes et nous ont apport\u00e9\u00a014 Couettes. Merci beaucoup\u00a0\u00e0 Marie-C\u00e9cile, Sylvia, Corinne, Martine, Marianne et Antoinette, c&rsquo;est vraiment super ! Les photos des Couettes sont visibles \u00e0 la rubrique Les Maillons > Valais > Photos des Couettes > Couettes 2023. <\/p>\n","protected":false},"excerpt":{"rendered":"<p>Quatri\u00e8me rencontre de l&rsquo;ann\u00e9e pour la confection des Couettes du C\u0153ur \u00e0 Saxon. 6 personnes \u00e9taient pr\u00e9sentes et nous ont apport\u00e9\u00a014 Couettes. Merci beaucoup\u00a0\u00e0 Marie-C\u00e9cile, Sylvia, Corinne, Martine, Marianne et Antoinette, c&rsquo;est vraiment super ! Les photos des Couettes sont visibles \u00e0 la rubrique Les Maillons > Valais > Photos des Couettes > Couettes 2023.<\/p>\n","protected":false},"author":2,"featured_media":0,"comment_status":"closed","ping_status":"open","sticky":false,"template":"","format":"standard","meta":{"ngg_post_thumbnail":0},"categories":[18],"tags":[],"_links":{"self":[{"href":"http:\/\/www.lacouetteducoeur.ch\/wp\/wp-json\/wp\/v2\/posts\/11836"}],"collection":[{"href":"http:\/\/www.lacouetteducoeur.ch\/wp\/wp-json\/wp\/v2\/posts"}],"about":[{"href":"http:\/\/www.lacouetteducoeur.ch\/wp\/wp-json\/wp\/v2\/types\/post"}],"author":[{"embeddable":true,"href":"http:\/\/www.lacouetteducoeur.ch\/wp\/wp-json\/wp\/v2\/users\/2"}],"replies":[{"embeddable":true,"href":"http:\/\/www.lacouetteducoeur.ch\/wp\/wp-json\/wp\/v2\/comments?post=11836"}],"version-history":[{"count":1,"href":"http:\/\/www.lacouetteducoeur.ch\/wp\/wp-json\/wp\/v2\/posts\/11836\/revisions"}],"predecessor-version":[{"id":11837,"href":"http:\/\/www.lacouetteducoeur.ch\/wp\/wp-json\/wp\/v2\/posts\/11836\/revisions\/11837"}],"wp:attachment":[{"href":"http:\/\/www.lacouetteducoeur.ch\/wp\/wp-json\/wp\/v2\/media?parent=11836"}],"wp:term":[{"taxonomy":"category","embeddable":true,"href":"http:\/\/www.lacouetteducoeur.ch\/wp\/wp-json\/wp\/v2\/categories?post=11836"},{"taxonomy":"post_tag","embeddable":true,"href":"http:\/\/www.lacouetteducoeur.ch\/wp\/wp-json\/wp\/v2\/tags?post=11836"}],"curies":[{"name":"wp","href":"https:\/\/api.w.org\/{rel}","templated":true}]}}