{"id":11013,"date":"2022-08-10T21:57:17","date_gmt":"2022-08-10T19:57:17","guid":{"rendered":"http:\/\/www.lacouetteducoeur.ch\/wp\/?p=11013"},"modified":"2022-08-11T18:09:18","modified_gmt":"2022-08-11T16:09:18","slug":"10-aout-2022","status":"publish","type":"post","link":"http:\/\/www.lacouetteducoeur.ch\/wp\/10-aout-2022\/","title":{"rendered":"10 ao\u00fbt 2022"},"content":{"rendered":"\n<p>Hier apr\u00e8s-midi 9 ao\u00fbt 2022, la Couette du Coeur-Fribourg est en balade \u00e0 Payerne ! Une premi\u00e8re visite \u00e0 l&rsquo;HIB en n\u00e9onat pour y apporter 8 Couettes du Coeur. Bienvenue aux b\u00e9b\u00e9s qui vont les recevoir !<br>Manuella, Couette du Coeur, Fribourg<\/p>\n","protected":false},"excerpt":{"rendered":"<p>Hier apr\u00e8s-midi 9 ao\u00fbt 2022, la Couette du Coeur-Fribourg est en balade \u00e0 Payerne ! Une premi\u00e8re visite \u00e0 l&rsquo;HIB en n\u00e9onat pour y apporter 8 Couettes du Coeur. Bienvenue aux b\u00e9b\u00e9s qui vont les recevoir !Manuella, Couette du Coeur, Fribourg<\/p>\n","protected":false},"author":2,"featured_media":0,"comment_status":"closed","ping_status":"open","sticky":false,"template":"","format":"standard","meta":{"ngg_post_thumbnail":0},"categories":[20,10],"tags":[],"_links":{"self":[{"href":"http:\/\/www.lacouetteducoeur.ch\/wp\/wp-json\/wp\/v2\/posts\/11013"}],"collection":[{"href":"http:\/\/www.lacouetteducoeur.ch\/wp\/wp-json\/wp\/v2\/posts"}],"about":[{"href":"http:\/\/www.lacouetteducoeur.ch\/wp\/wp-json\/wp\/v2\/types\/post"}],"author":[{"embeddable":true,"href":"http:\/\/www.lacouetteducoeur.ch\/wp\/wp-json\/wp\/v2\/users\/2"}],"replies":[{"embeddable":true,"href":"http:\/\/www.lacouetteducoeur.ch\/wp\/wp-json\/wp\/v2\/comments?post=11013"}],"version-history":[{"count":2,"href":"http:\/\/www.lacouetteducoeur.ch\/wp\/wp-json\/wp\/v2\/posts\/11013\/revisions"}],"predecessor-version":[{"id":11035,"href":"http:\/\/www.lacouetteducoeur.ch\/wp\/wp-json\/wp\/v2\/posts\/11013\/revisions\/11035"}],"wp:attachment":[{"href":"http:\/\/www.lacouetteducoeur.ch\/wp\/wp-json\/wp\/v2\/media?parent=11013"}],"wp:term":[{"taxonomy":"category","embeddable":true,"href":"http:\/\/www.lacouetteducoeur.ch\/wp\/wp-json\/wp\/v2\/categories?post=11013"},{"taxonomy":"post_tag","embeddable":true,"href":"http:\/\/www.lacouetteducoeur.ch\/wp\/wp-json\/wp\/v2\/tags?post=11013"}],"curies":[{"name":"wp","href":"https:\/\/api.w.org\/{rel}","templated":true}]}}