{"id":10003,"date":"2021-10-21T22:09:57","date_gmt":"2021-10-21T20:09:57","guid":{"rendered":"http:\/\/www.lacouetteducoeur.ch\/wp\/?p=10003"},"modified":"2021-10-21T22:09:57","modified_gmt":"2021-10-21T20:09:57","slug":"21-octobre-2021","status":"publish","type":"post","link":"http:\/\/www.lacouetteducoeur.ch\/wp\/21-octobre-2021\/","title":{"rendered":"21 octobre 2021"},"content":{"rendered":"\n<p>Nous \u00e9tions 4 cet apr\u00e8s-midi pour la rencontre mensuelle consacr\u00e9e \u00e0 la confection des Couettes du Coeur. Nous avons re\u00e7u 15 belles couvertures. Merci au Club de Patchwork des Dranses, \u00e0 Sylvia, Mado, Bluette et Rosita.<br>Pour voir les photos : rubrique Les Maillons > Valais > Photos des Couettes > Couettes 2021<br><\/p>\n","protected":false},"excerpt":{"rendered":"<p>Nous \u00e9tions 4 cet apr\u00e8s-midi pour la rencontre mensuelle consacr\u00e9e \u00e0 la confection des Couettes du Coeur. Nous avons re\u00e7u 15 belles couvertures. Merci au Club de Patchwork des Dranses, \u00e0 Sylvia, Mado, Bluette et Rosita.Pour voir les photos : rubrique Les Maillons > Valais > Photos des Couettes > Couettes 2021<\/p>\n","protected":false},"author":2,"featured_media":0,"comment_status":"closed","ping_status":"open","sticky":false,"template":"","format":"standard","meta":{"ngg_post_thumbnail":0},"categories":[18],"tags":[],"_links":{"self":[{"href":"http:\/\/www.lacouetteducoeur.ch\/wp\/wp-json\/wp\/v2\/posts\/10003"}],"collection":[{"href":"http:\/\/www.lacouetteducoeur.ch\/wp\/wp-json\/wp\/v2\/posts"}],"about":[{"href":"http:\/\/www.lacouetteducoeur.ch\/wp\/wp-json\/wp\/v2\/types\/post"}],"author":[{"embeddable":true,"href":"http:\/\/www.lacouetteducoeur.ch\/wp\/wp-json\/wp\/v2\/users\/2"}],"replies":[{"embeddable":true,"href":"http:\/\/www.lacouetteducoeur.ch\/wp\/wp-json\/wp\/v2\/comments?post=10003"}],"version-history":[{"count":1,"href":"http:\/\/www.lacouetteducoeur.ch\/wp\/wp-json\/wp\/v2\/posts\/10003\/revisions"}],"predecessor-version":[{"id":10004,"href":"http:\/\/www.lacouetteducoeur.ch\/wp\/wp-json\/wp\/v2\/posts\/10003\/revisions\/10004"}],"wp:attachment":[{"href":"http:\/\/www.lacouetteducoeur.ch\/wp\/wp-json\/wp\/v2\/media?parent=10003"}],"wp:term":[{"taxonomy":"category","embeddable":true,"href":"http:\/\/www.lacouetteducoeur.ch\/wp\/wp-json\/wp\/v2\/categories?post=10003"},{"taxonomy":"post_tag","embeddable":true,"href":"http:\/\/www.lacouetteducoeur.ch\/wp\/wp-json\/wp\/v2\/tags?post=10003"}],"curies":[{"name":"wp","href":"https:\/\/api.w.org\/{rel}","templated":true}]}}